{"id":2537,"date":"2024-07-05T17:01:05","date_gmt":"2024-07-05T15:01:05","guid":{"rendered":"https:\/\/fundatiasensiblu.ro\/?p=2537"},"modified":"2024-07-05T17:09:53","modified_gmt":"2024-07-05T15:09:53","slug":"safeyou-o-aplicatie-pentru-femeile-si-fetele-victime-ale-violentei","status":"publish","type":"post","link":"https:\/\/fundatiasensiblu.ro\/?p=2537","title":{"rendered":"SafeYOU, o aplica\u021bie pentru femeile \u0219i fetele victime ale violen\u021bei"},"content":{"rendered":"\n<h3 class=\"wp-block-heading\">Prin intermediul tehnologiei, conect\u0103m femeile \u00een risc de violen\u021b\u0103 cu serviciile de specialitate<\/h3>\n\n\n\n<div class=\"wp-block-group is-vertical is-layout-flex wp-container-core-group-is-layout-8cf370e7 wp-block-group-is-layout-flex\">\n<h4 class=\"wp-block-heading has-text-align-left\">Din luna iunie, femeile \u0219i fetele aflate \u00eentr-o situa\u021bie de violen\u021b\u0103 domestic\u0103 \u0219i de gen au acces la aplica\u021bia SafeYOU, o solu\u021bie digital\u0103 dedicat\u0103 promov\u0103rii siguran\u021bei \u0219i \u00eemputernicirii.<\/h4>\n<\/div>\n\n\n\n<p>Rom\u00e2nia devine prima \u021bar\u0103 din Uniunea European\u0103 (UE) \u00een care va fi disponibil\u0103 aplica\u021bia SafeYOU, semnific\u00e2nd un pas important \u00een misiunea organiza\u021biei de a promova siguran\u021ba \u0219i \u00eemputernicirea femeilor la nivel mondial.<\/p>\n\n\n<div class=\"wp-block-image is-style-rounded\">\n<figure class=\"alignleft size-large is-resized\"><img loading=\"lazy\" decoding=\"async\" width=\"1024\" height=\"1024\" src=\"https:\/\/fundatiasensiblu.ro\/wp-content\/uploads\/2024\/07\/SY_profile_pic-1024x1024.jpg\" alt=\"\" class=\"wp-image-2539\" style=\"width:186px;height:auto\" srcset=\"https:\/\/fundatiasensiblu.ro\/wp-content\/uploads\/2024\/07\/SY_profile_pic-1024x1024.jpg 1024w, https:\/\/fundatiasensiblu.ro\/wp-content\/uploads\/2024\/07\/SY_profile_pic-300x300.jpg 300w, https:\/\/fundatiasensiblu.ro\/wp-content\/uploads\/2024\/07\/SY_profile_pic-150x150.jpg 150w, https:\/\/fundatiasensiblu.ro\/wp-content\/uploads\/2024\/07\/SY_profile_pic-768x768.jpg 768w, https:\/\/fundatiasensiblu.ro\/wp-content\/uploads\/2024\/07\/SY_profile_pic-1536x1536.jpg 1536w, https:\/\/fundatiasensiblu.ro\/wp-content\/uploads\/2024\/07\/SY_profile_pic-2048x2048.jpg 2048w, https:\/\/fundatiasensiblu.ro\/wp-content\/uploads\/2024\/07\/SY_profile_pic-1568x1568.jpg 1568w\" sizes=\"auto, (max-width: 1024px) 100vw, 1024px\" \/><\/figure><\/div>\n\n\n<p>Aplica\u021bia mobil\u0103 SafeYOU vine \u00een sprijinul femeilor afectate de violen\u021b\u0103 prin conectarea utilizatoarelor cu o gam\u0103 larg\u0103 de servicii de sprijin, inclusiv organiza\u021bii ale societ\u0103\u021bii civile, profesioni\u0219ti, reprezentan\u021bi ai autorit\u0103\u021bilor na\u021bionale \u0219i organiza\u021biilor interna\u021bionale, inclusiv prin oferirea de asisten\u021b\u0103 de urgen\u021b\u0103.<\/p>\n\n\n\n<p>Recunosc\u00e2nd pozi\u021bia vulnerabil\u0103 a femeilor refugiate ucrainene \u00een Rom\u00e2nia, SafeYOU prioritizeaz\u0103 siguran\u021ba \u0219i bun\u0103starea acestora, oferindu-le suport exhaustiv, printre care servicii de consiliere psihosocial\u0103 \u0219i juridic\u0103, conectarea cu o comunitate sigur\u0103, informa\u021bii \u0219i resurse educa\u021bionale pentru a le ajuta s\u0103 \u00ee\u0219i reconstruiasc\u0103 via\u021ba.<\/p>\n\n\n\n<p>Pentru a-\u0219i executa misiunea eficient, SafeYOU a stabilit un parteneriat strategic cu Funda\u021bia Sensiblu din Rom\u00e2nia. Funda\u021bia va servi ca partener de implementare pe durata misiunii, asigur\u00e2nd livrarea eficient\u0103 a serviciilor \u0219i suportului c\u0103tre beneficiari.<\/p>\n\n\n\n<p>\u201e<em>\u00cen ciuda progreselor \u0219i a eforturilor continue de a cre\u0219te con\u0219tientizarea \u0219i de a interveni, violen\u021ba de gen r\u0103m\u00e2ne o realitate dureroas\u0103 \u0219i complex\u0103. \u00cen fapt, una din patru femei \u00een Rom\u00e2nia experimenteaz\u0103 agresiune fizic\u0103 sau sexual\u0103 \u00een timpul vie\u021bii. Prin urmare, ini\u021biativele precum SafeYOU, care faciliteaz\u0103 accesul femeilor la servicii specializate, la profesioni\u0219ti, la informa\u021bii \u0219i resurse despre violen\u021b\u0103 \u0219i modalit\u0103\u021bi de protec\u021bie, sunt cruciale. SafeYOU \u00ee\u0219i propune s\u0103 construiasc\u0103 o re\u021bea puternic\u0103 de sprijin at\u00e2t pentru femeile ucrainene, c\u00e2t \u0219i pentru cele rom\u00e2ne. Aceast\u0103 solidaritate pe care o cre\u0103m \u00een jurul femeilor le ajut\u0103 s\u0103 se simt\u0103 sus\u021binute, \u00een siguran\u021b\u0103, \u0219i s\u0103 capete putere. Suntem onora\u021bi s\u0103 fim parteneri ai SafeYOU \u0219i UNFPA \u00een acest demers<\/em>.\u201d &#8211; Cristina Horia, Pre\u0219edinta Funda\u021biei Sensiblu<\/p>\n\n\n\n<p>Ini\u021biativa a atras un interes semnificativ din partea diferitelor organiza\u021bii non-guvernamentale \u0219i agen\u021bii guvernamentale, reflect\u00e2nd determinarea colectiv\u0103 de a aborda problema presant\u0103 a siguran\u021bei femeilor \u00een Rom\u00e2nia. SafeYOU este onorat\u0103 de suportul pe care Agen\u021bia Na\u021bional\u0103 pentru Egalitatea de \u0219anse \u00eentre Femei \u0219i B\u0103rba\u021bi (ANES), o agen\u021bie guvernamental\u0103 dedicat\u0103 promov\u0103rii egalit\u0103\u021bii de gen \u00een \u021bar\u0103, l-a ar\u0103tat pentru aceasta ini\u021biativ\u0103.<\/p>\n\n\n\n<p>Angajamentul SafeYOU de a promova parteneriate incluzive se extinde dincolo de ONG-uri \u0219i agen\u021bii guvernamentale, incluz\u00e2nd \u0219i misiuni diplomatice \u00een Rom\u00e2nia, \u00een special prin crearea unei rela\u021bii de lucru puternice cu Ambasada Armeniei \u00een Rom\u00e2nia.<\/p>\n\n\n\n<div class=\"wp-block-group\"><div class=\"wp-block-group__inner-container is-layout-constrained wp-block-group-is-layout-constrained\"><div class=\"wp-block-image\">\n<figure class=\"aligncenter size-full is-resized\"><img loading=\"lazy\" decoding=\"async\" width=\"259\" height=\"262\" src=\"https:\/\/fundatiasensiblu.ro\/wp-content\/uploads\/2024\/07\/cod-QR.jpg\" alt=\"\" class=\"wp-image-2545\" style=\"width:106px;height:auto\"\/><\/figure><\/div><\/div><\/div>\n\n\n\n<h5 class=\"wp-block-heading has-text-align-center\">Scaneaz\u0103 codul QR pentru a desc\u0103rca aplica\u021bia SafeYOU<\/h5>\n","protected":false},"excerpt":{"rendered":"<p>Prin intermediul tehnologiei, conect\u0103m femeile \u00een risc de violen\u021b\u0103 cu serviciile de specialitate Din luna iunie, femeile \u0219i fetele aflate \u00eentr-o situa\u021bie de violen\u021b\u0103 domestic\u0103 \u0219i de gen au acces la aplica\u021bia SafeYOU, o solu\u021bie digital\u0103 dedicat\u0103 promov\u0103rii siguran\u021bei \u0219i \u00eemputernicirii. Rom\u00e2nia devine prima \u021bar\u0103 din Uniunea European\u0103 (UE) \u00een care va fi disponibil\u0103 aplica\u021bia&hellip; <a class=\"more-link\" href=\"https:\/\/fundatiasensiblu.ro\/?p=2537\">Continu\u0103 lectura <span class=\"screen-reader-text\">SafeYOU, o aplica\u021bie pentru femeile \u0219i fetele victime ale violen\u021bei<\/span><\/a><\/p>\n","protected":false},"author":2,"featured_media":0,"comment_status":"closed","ping_status":"open","sticky":true,"template":"","format":"standard","meta":{"footnotes":""},"categories":[5],"tags":[50,15,49,51,52],"class_list":["post-2537","post","type-post","status-publish","format-standard","hentry","category-noutati","tag-anes","tag-gbv","tag-safeyou","tag-ucraina","tag-unfpa","entry"],"_links":{"self":[{"href":"https:\/\/fundatiasensiblu.ro\/index.php?rest_route=\/wp\/v2\/posts\/2537","targetHints":{"allow":["GET"]}}],"collection":[{"href":"https:\/\/fundatiasensiblu.ro\/index.php?rest_route=\/wp\/v2\/posts"}],"about":[{"href":"https:\/\/fundatiasensiblu.ro\/index.php?rest_route=\/wp\/v2\/types\/post"}],"author":[{"embeddable":true,"href":"https:\/\/fundatiasensiblu.ro\/index.php?rest_route=\/wp\/v2\/users\/2"}],"replies":[{"embeddable":true,"href":"https:\/\/fundatiasensiblu.ro\/index.php?rest_route=%2Fwp%2Fv2%2Fcomments&post=2537"}],"version-history":[{"count":3,"href":"https:\/\/fundatiasensiblu.ro\/index.php?rest_route=\/wp\/v2\/posts\/2537\/revisions"}],"predecessor-version":[{"id":2550,"href":"https:\/\/fundatiasensiblu.ro\/index.php?rest_route=\/wp\/v2\/posts\/2537\/revisions\/2550"}],"wp:attachment":[{"href":"https:\/\/fundatiasensiblu.ro\/index.php?rest_route=%2Fwp%2Fv2%2Fmedia&parent=2537"}],"wp:term":[{"taxonomy":"category","embeddable":true,"href":"https:\/\/fundatiasensiblu.ro\/index.php?rest_route=%2Fwp%2Fv2%2Fcategories&post=2537"},{"taxonomy":"post_tag","embeddable":true,"href":"https:\/\/fundatiasensiblu.ro\/index.php?rest_route=%2Fwp%2Fv2%2Ftags&post=2537"}],"curies":[{"name":"wp","href":"https:\/\/api.w.org\/{rel}","templated":true}]}}