{"id":2503,"date":"2024-04-01T13:23:22","date_gmt":"2024-04-01T11:23:22","guid":{"rendered":"https:\/\/fundatiasensiblu.ro\/?p=2503"},"modified":"2024-04-01T13:34:51","modified_gmt":"2024-04-01T11:34:51","slug":"traim-intr-o-lume-imperfecta-si-uneori-viata-e-nedreapta","status":"publish","type":"post","link":"https:\/\/fundatiasensiblu.ro\/?p=2503","title":{"rendered":"Tr\u0103im \u00eentr-o lume imperfect\u0103 \u0219i, uneori, via\u021b\u0103 e nedreapt\u0103"},"content":{"rendered":"\t\t<div data-elementor-type=\"wp-post\" data-elementor-id=\"2503\" class=\"elementor elementor-2503\">\n\t\t\t\t\t\t\t\t\t<section class=\"elementor-section elementor-top-section elementor-element elementor-element-1e912029 elementor-section-boxed elementor-section-height-default elementor-section-height-default\" data-id=\"1e912029\" data-element_type=\"section\">\n\t\t\t\t\t\t<div class=\"elementor-container elementor-column-gap-default\">\n\t\t\t\t\t<div class=\"elementor-column elementor-col-100 elementor-top-column elementor-element elementor-element-5894d09f\" data-id=\"5894d09f\" data-element_type=\"column\">\n\t\t\t<div class=\"elementor-widget-wrap elementor-element-populated\">\n\t\t\t\t\t\t\t\t<div class=\"elementor-element elementor-element-386805d6 elementor-widget elementor-widget-text-editor\" data-id=\"386805d6\" data-element_type=\"widget\" data-widget_type=\"text-editor.default\">\n\t\t\t\t<div class=\"elementor-widget-container\">\n\t\t\t<style>\/*! elementor - v3.14.0 - 18-06-2023 *\/\n.elementor-widget-text-editor.elementor-drop-cap-view-stacked .elementor-drop-cap{background-color:#69727d;color:#fff}.elementor-widget-text-editor.elementor-drop-cap-view-framed .elementor-drop-cap{color:#69727d;border:3px solid;background-color:transparent}.elementor-widget-text-editor:not(.elementor-drop-cap-view-default) .elementor-drop-cap{margin-top:8px}.elementor-widget-text-editor:not(.elementor-drop-cap-view-default) .elementor-drop-cap-letter{width:1em;height:1em}.elementor-widget-text-editor .elementor-drop-cap{float:left;text-align:center;line-height:1;font-size:50px}.elementor-widget-text-editor .elementor-drop-cap-letter{display:inline-block}<\/style>\t\t\t\t<p><!-- wp:paragraph --><\/p>\n<p>Se \u00eent\u00e2mpl\u0103 multe lucruri care sunt \u00een afara controlului nostru, care ne fac s\u0103 ne sim\u021bim neputincio\u0219i, furio\u0219i \u0219i dezam\u0103gi\u021bi.<\/p>\n<p><br><\/p>\n<p><\/p>\n<p><!-- \/wp:paragraph --><!-- wp:paragraph --><\/p>\n<p>\u201cDe ce mie?\u201d, \u201cDe ce eu?\u201d sunt primele \u00eentreb\u0103ri care ne vin \u00een minte c\u00e2nd trecem printr-un eveniment nepl\u0103cut.<\/p>\n<p><\/p>\n<p><!-- \/wp:paragraph --><!-- wp:paragraph --><\/p>\n<p>Nimeni nu are un r\u0103spuns la aceste \u00eentreb\u0103ri, uneori lucrurile se \u00eent\u00e2mpl\u0103 pur \u0219i simplu, nu alegem s\u0103 fie a\u0219a.<\/p>\n<p><!-- \/wp:paragraph --><!-- wp:paragraph --><\/p>\n<p><br><\/p>\n<p>Nu alegem s\u0103 ne \u00eemboln\u0103vim, nu alegem s\u0103 fim abandona\u021bi de p\u0103rin\u021bi, s\u0103 ne pierdem copilul, p\u0103rin\u021bii sau jum\u0103tatea, nu alegem c\u0103 partenerul s\u0103 ne r\u0103neasc\u0103.<\/p>\n<p><\/p>\n<p><!-- \/wp:paragraph --><!-- wp:paragraph --><\/p>\n<p><br><\/p>\n<p>Putem doar alege s\u0103 cerem ajutor c\u00e2nd ne sim\u021bim cople\u0219i\u021bi sau s\u0103 ajut\u0103m, c\u00e2nd e nevoie de noi.<\/p>\n<p><\/p>\n<p><!-- \/wp:paragraph --><!-- wp:paragraph --><\/p>\n<p><br><\/p>\n<p>Po\u021bi alege s\u0103 ceri ajutor la centru nostru Casa Blu atunci c\u00e2nd nu mai po\u021bi, c\u00e2nd nu mai g\u0103se\u0219ti solu\u021bii sau, pur \u0219i simplu, c\u00e2nd ai nevoie de o informa\u021bie.<\/p>\n<p><\/p>\n<p><!-- \/wp:paragraph --><!-- wp:paragraph --><\/p>\n<p><br><\/p>\n<p>Fie c\u0103 este vorba despre consilierea pentru cei care au pierdut pe cineva drag, pentru persoanele c\u0103rora via\u021b\u0103 \u00een cuplu le face mai mult r\u0103u dec\u00e2t bine, sau despre grupurile de suport pentru cele care au fugit din calea r\u0103zboiului \u0219i pentru adolescen\u021bii pe care i-au p\u0103r\u0103sit p\u0103rin\u021bii lor, toate sunt oferite la un nivel \u00eenalt de profesionalism de echipa centrului Casa Blu.<\/p>\n<p><\/p>\n<p><!-- \/wp:paragraph --><!-- wp:paragraph --><\/p>\n<p><br><\/p>\n<p>La fel de bine, po\u021bi alege s\u0103 sus\u021bii aceste servicii pentru a fi disponibile \u00een continuare celor care au nevoie de ele.<\/p>\n<p><\/p>\n<p><!-- \/wp:paragraph --><!-- wp:paragraph --><\/p>\n<p><img loading=\"lazy\" decoding=\"async\" class=\"alignleft wp-image-2504 size-full\" style=\"width: 211px;\" src=\"https:\/\/fundatiasensiblu.ro\/wp-content\/uploads\/2024\/04\/vizual-35.jpeg\" alt=\"\" width=\"1080\" height=\"1080\" srcset=\"https:\/\/fundatiasensiblu.ro\/wp-content\/uploads\/2024\/04\/vizual-35.jpeg 1080w, https:\/\/fundatiasensiblu.ro\/wp-content\/uploads\/2024\/04\/vizual-35-300x300.jpeg 300w, https:\/\/fundatiasensiblu.ro\/wp-content\/uploads\/2024\/04\/vizual-35-1024x1024.jpeg 1024w, https:\/\/fundatiasensiblu.ro\/wp-content\/uploads\/2024\/04\/vizual-35-150x150.jpeg 150w, https:\/\/fundatiasensiblu.ro\/wp-content\/uploads\/2024\/04\/vizual-35-768x768.jpeg 768w\" sizes=\"auto, (max-width: 1080px) 100vw, 1080px\" \/>Nu te cost\u0103 nimic, doar direc\u021bionezi 3,5% din impozitul pe venit c\u0103tre serviciile Funda\u021biei Sensiblu, complet\u00e2nd Declara\u021bia 230 de <a href=\"https:\/\/tinyurl.com\/3yek8nyf\">aici<\/a>. Dac\u0103 nu ai f\u0103cut-o \u00een ultimii 2 ani, ai acum aceast\u0103 posibilitate.<\/p>\n<p><\/p>\n<p><!-- \/wp:paragraph --><!-- wp:paragraph --><\/p>\n<p><br><\/p>\n<p>P\u00e2n\u0103&nbsp;la&nbsp;data&nbsp;de 15&nbsp;mai&nbsp;2024,<\/p>\n<p><!-- \/wp:paragraph --><!-- wp:list --><\/p>\n<ul>\n<li style=\"list-style-type: none;\">\n<ul><!-- wp:list-item --><\/ul>\n<\/li>\n<\/ul>\n<ul>\n<li style=\"list-style-type: none;\">\n<ul>\n<li>Formularele se pot completa online pe&nbsp;<a href=\"https:\/\/formular230.ro\/fundatia-sensiblu\">https:\/\/formular230.ro\/funda\u021bia-sensiblu<\/a><\/li>\n<\/ul>\n<\/li>\n<\/ul>\n<p><!-- \/wp:list-item --><!-- wp:list-item --><\/p>\n<ul>\n<li style=\"list-style-type: none;\">\n<ul>\n<li>Pot&nbsp;fi&nbsp;trimise \u00een original la adresa Str. Aeroportului 53 Loc. Mogo\u0219oaia Jud. Ilfov, \u00een aten\u021bia Andreei Dima,&nbsp;<a href=\"mailto:andreea.dima@drmax.ro\">andreea.dima@drmax.ro<\/a><\/li>\n<\/ul>\n<\/li>\n<\/ul>\n<p><!-- \/wp:list-item --><!-- wp:list-item --><\/p>\n<ul>\n<li style=\"list-style-type: none;\">\n<ul>\n<li>Pot fi trimise scanate pe adresa de mail&nbsp;<a href=\"mailto:Fundatia.sensiblu@drmax.ro\">Funda\u021bia.sensiblu@drmax.ro<\/a><\/li>\n<\/ul>\n<\/li>\n<\/ul>\n<p><!-- \/wp:list-item --><\/p>\n<p><!-- \/wp:list --><!-- wp:paragraph --><\/p>\n<p>Formularul poate fi desc\u0103rcat \u0219i de aici&nbsp;<a href=\"https:\/\/tinyurl.com\/3yek8nyf\">https:\/\/tinyurl.com\/3yek8nyf<\/a><\/p>\n<p><span style=\"color: var( --e-global-color-text ); font-family: var( --e-global-typography-text-font-family ), Sans-serif; font-weight: var( --e-global-typography-text-font-weight ); font-size: calc(13px + 0.37vw);\"><br><\/span><\/p><p><span style=\"color: var( --e-global-color-text ); font-family: var( --e-global-typography-text-font-family ), Sans-serif; font-weight: var( --e-global-typography-text-font-weight ); font-size: calc(13px + 0.37vw);\">Declara\u021biile&nbsp;pot&nbsp;fi&nbsp;expediate&nbsp;\u0219i prin&nbsp;po\u0219t\u0103, cu recomandare,&nbsp;direct la&nbsp;Administra\u021bia Financiar\u0103 de&nbsp;care&nbsp;apar\u021bii, sau depuse online, dac\u0103&nbsp;ai&nbsp;cont&nbsp;\u00een Spa\u021biul Privat Virtual ANAF.<\/span><\/p>\n<p><\/p>\n<p><!-- \/wp:paragraph --><!-- wp:paragraph --><\/p>\n<p>Informa\u021bii suplimentare la 0787 54 18 54 sau fundatia.sensiblu@drmax.ro<\/p>\n<p><!-- \/wp:paragraph --><\/p>\t\t\t\t\t\t<\/div>\n\t\t\t\t<\/div>\n\t\t\t\t\t<\/div>\n\t\t<\/div>\n\t\t\t\t\t\t\t<\/div>\n\t\t<\/section>\n\t\t\t\t\t\t\t<\/div>\n\t\t","protected":false},"excerpt":{"rendered":"<p>Se \u00eent\u00e2mpl\u0103 multe lucruri care sunt \u00een afara controlului nostru, care ne fac s\u0103 ne sim\u021bim neputincio\u0219i, furio\u0219i \u0219i dezam\u0103gi\u021bi. \u201cDe ce mie?\u201d, \u201cDe ce eu?\u201d sunt primele \u00eentreb\u0103ri care ne vin \u00een minte c\u00e2nd trecem printr-un eveniment nepl\u0103cut. Nimeni nu are un r\u0103spuns la aceste \u00eentreb\u0103ri, uneori lucrurile se \u00eent\u00e2mpl\u0103 pur \u0219i simplu, nu&hellip; <a class=\"more-link\" href=\"https:\/\/fundatiasensiblu.ro\/?p=2503\">Continu\u0103 lectura <span class=\"screen-reader-text\">Tr\u0103im \u00eentr-o lume imperfect\u0103 \u0219i, uneori, via\u021b\u0103 e nedreapt\u0103<\/span><\/a><\/p>\n","protected":false},"author":2,"featured_media":0,"comment_status":"closed","ping_status":"open","sticky":false,"template":"","format":"standard","meta":{"footnotes":""},"categories":[4,5],"tags":[47,48],"class_list":["post-2503","post","type-post","status-publish","format-standard","hentry","category-implica-te","category-noutati","tag-3-5","tag-declaratia-230","entry"],"_links":{"self":[{"href":"https:\/\/fundatiasensiblu.ro\/index.php?rest_route=\/wp\/v2\/posts\/2503","targetHints":{"allow":["GET"]}}],"collection":[{"href":"https:\/\/fundatiasensiblu.ro\/index.php?rest_route=\/wp\/v2\/posts"}],"about":[{"href":"https:\/\/fundatiasensiblu.ro\/index.php?rest_route=\/wp\/v2\/types\/post"}],"author":[{"embeddable":true,"href":"https:\/\/fundatiasensiblu.ro\/index.php?rest_route=\/wp\/v2\/users\/2"}],"replies":[{"embeddable":true,"href":"https:\/\/fundatiasensiblu.ro\/index.php?rest_route=%2Fwp%2Fv2%2Fcomments&post=2503"}],"version-history":[{"count":3,"href":"https:\/\/fundatiasensiblu.ro\/index.php?rest_route=\/wp\/v2\/posts\/2503\/revisions"}],"predecessor-version":[{"id":2528,"href":"https:\/\/fundatiasensiblu.ro\/index.php?rest_route=\/wp\/v2\/posts\/2503\/revisions\/2528"}],"wp:attachment":[{"href":"https:\/\/fundatiasensiblu.ro\/index.php?rest_route=%2Fwp%2Fv2%2Fmedia&parent=2503"}],"wp:term":[{"taxonomy":"category","embeddable":true,"href":"https:\/\/fundatiasensiblu.ro\/index.php?rest_route=%2Fwp%2Fv2%2Fcategories&post=2503"},{"taxonomy":"post_tag","embeddable":true,"href":"https:\/\/fundatiasensiblu.ro\/index.php?rest_route=%2Fwp%2Fv2%2Ftags&post=2503"}],"curies":[{"name":"wp","href":"https:\/\/api.w.org\/{rel}","templated":true}]}}