{"id":2460,"date":"2023-10-24T16:54:10","date_gmt":"2023-10-24T14:54:10","guid":{"rendered":"https:\/\/fundatiasensiblu.ro\/?p=2460"},"modified":"2023-10-24T19:18:38","modified_gmt":"2023-10-24T17:18:38","slug":"violenta-de-gen-in-randul-persoanele-refugiate-subiectul-principal-pe-agenda-discutiilor-cu-autoritatile-publice-de-la-cluj-napoca","status":"publish","type":"post","link":"https:\/\/fundatiasensiblu.ro\/?p=2460","title":{"rendered":"Violen\u021ba de gen \u00een r\u00e2ndul persoanele refugiate &#8211; subiectul principal pe agenda discu\u021biilor cu autorit\u0103\u021bile publice de la Cluj-Napoca"},"content":{"rendered":"\n<h4 class=\"wp-block-heading\">Societatea civil\u0103 invit\u0103 reprezentan\u021bii autorit\u0103\u021bilor publice implicate \u00een prevenirea \u0219i combaterea violen\u021bei de gen la dialog, \u00een cadrul unei mese rotunde organizate la Cluj-Napoca<\/h4>\n\n\n\n<p>Reprezentan\u021bi ai autorit\u0103\u021bilor locale din Cluj, organiza\u021bii pentru drepturile femeilor \u0219i ale refugia\u021bilor \u0219i migran\u021bilor, experte \u0219i exper\u021bi \u00een domeniul violen\u021bei de gen se reunesc la masa rotund\u0103 pe tema \u201e<em>Prevenirea \u0219i Combaterea Violen\u021bei de Gen \u00een r\u00e2ndul refugiatelor din Ucraina<\/em>\u201d, organizat\u0103 la Cluj \u00een data de 26 octombrie 2023 de c\u0103tre Funda\u021bia Sensiblu \u0219i UNHCR, Agen\u021bia ONU pentru refugia\u021bi, cu suportul Asocia\u021biei de Dezvoltare Intercomunitar\u0103 Zona Metropolitan\u0103 Cluj \u2013 ADI ZMC.<\/p>\n\n\n\n<p><strong>Agenda discu\u021biilor cuprinde subiecte legate de provoc\u0103rile cu care se confrunt\u0103 femeile refugiate din Ucraina, furnizarea de servicii de asisten\u021b\u0103 psihosocial\u0103 \u0219i juridic\u0103, rolul \u0219i responsabilit\u0103\u021bile actorilor implica\u021bi \u00een prevenirea \u0219i combaterea violen\u021bei de gen<\/strong>.<\/p>\n\n\n\n<figure class=\"wp-block-image size-full is-style-default\"><img loading=\"lazy\" decoding=\"async\" width=\"820\" height=\"360\" src=\"https:\/\/fundatiasensiblu.ro\/wp-content\/uploads\/2023\/10\/vizual-site-2.jpg\" alt=\"\" class=\"wp-image-2461\" srcset=\"https:\/\/fundatiasensiblu.ro\/wp-content\/uploads\/2023\/10\/vizual-site-2.jpg 820w, https:\/\/fundatiasensiblu.ro\/wp-content\/uploads\/2023\/10\/vizual-site-2-300x132.jpg 300w, https:\/\/fundatiasensiblu.ro\/wp-content\/uploads\/2023\/10\/vizual-site-2-768x337.jpg 768w\" sizes=\"auto, (max-width: 820px) 100vw, 820px\" \/><\/figure>\n\n\n\n<p>Evenimentul face parte din proiectul <strong>&#8222;Furnizarea de sprijin \u0219i servicii specializate pentru supravie\u021buitoarele violen\u021bei de gen&#8221;<\/strong> implementat de c\u0103tre Funda\u021bia Sensiblu \u00een parteneriat cu UNHCR, Agen\u021bia ONU pentru Refugia\u021bi, \u00een perioada 01 Ianuarie &#8211; 31 Decembrie 2023, cu scopul de a cre\u0219te gradul&nbsp; de&nbsp; con\u0219tientizare a violen\u021bei bazate pe gen, prin furnizare de servicii de consiliere refugiatelor aflate \u00een Bucure\u0219ti, Suceava, Cluj-Napoca, Gala\u021bi, Constan\u021ba \u0219i V\u00e2lcea. Scopul \u00eent\u00e2lnirii este de a reflecta asupra realiz\u0103rilor autorit\u0103\u021bilor, ale organiza\u021biilor neguvernamentale \u0219i ale altor actori din cadrul comunit\u0103\u021bii \u00een sprijinirea refugia\u021bilor ucraineni. Un accent deosebit va fi pus pe accesibilitatea serviciilor de suport \u00een domeniul violen\u021bei pentru refugia\u021bi \u0219i pe rolul pe care fiecare dintre noi \u00eel poate juca \u00een prevenirea \u0219i r\u0103spunsul la violen\u021ba de gen. Acest lucru include luarea unei pozi\u021bii publice, implicarea \u00een activit\u0103\u021bi \u0219i evenimente de sensibilizare, consolid\u00e2nd astfel mesajul celor 16 zile de activism \u00eempotriva violen\u021bei de gen: <em>&#8222;UNiTE! Investe\u0219te pentru a preveni violen\u021ba \u00eempotriva femeilor \u0219i fetelor&#8221;.<\/em><\/p>\n\n\n\n<p>La eveniment vor participa, \u00een calitate de speakeri, reprezenta\u021bi ai Prim\u0103riei Cluj-Napoca, UNHCR, Inspectoratului Jude\u021bean de Poli\u021bie, Serviciului pentru Imigr\u0103ri al jude\u021bului Cluj, Direc\u021biei Generale de Asisten\u021b\u0103 Social\u0103 \u0219i Protec\u021bia Copilului, Agen\u021biei Jude\u021bene pentru Ocuparea For\u021bei de Munc\u0103, Inspectoratului \u0218colar Jude\u021bean.<\/p>\n\n\n\n<p><em>\u201eViolen\u021ba de gen reprezint\u0103 un risc major pentru femeile \u0219i fetele refugiate, care sunt vulnerabile \u00een fa\u021ba mai multor forme de exploatare \u0219i abuz atunci c\u00e2nd se afl\u0103 \u00een deplasare sau \u00een c\u0103utarea unui ad\u0103post sigur. De aici \u0219i nevoia unui r\u0103spuns multisectorial integrat, care s\u0103 cuprind\u0103 o colaborare str\u00e2ns\u0103 \u00eentre autorit\u0103\u021bile publice, sectorul medical, sectorul educa\u021biei \u0219i organiza\u021biile societ\u0103\u021bii civile. Ini\u021biativa noastr\u0103 are ca obiectiv cre\u0219terea con\u0219tientiz\u0103rii \u0219i promovarea discu\u021biilor relevante \u00een aceast\u0103 direc\u021bie.<\/em>\u201d &#8211; Cristina Horia, Pre\u0219edint\u0103 a Funda\u021biei Sensiblu<\/p>\n\n\n\n<p>Funda\u021bia Sensiblu, partener al UNHCR, Agen\u021bia ONU pentru refugia\u021bi \u00een problema violen\u021bei de gen \u00een Rom\u00e2nia, continu\u0103, \u0219i \u00een acest an, s\u0103 sprijine refugia\u021bii din Ucraina afla\u021bi \u00een situa\u021bii de risc de violen\u021b\u0103 de gen prin furnizarea de servicii de suport psihosocial \u0219i consiliere juridic\u0103, sesiuni de consolidare a capacit\u0103\u021bilor (instruiri) pentru autorit\u0103\u021bile centrale \u0219i locale, voluntari, servicii de s\u0103n\u0103tate \u0219i coordonatorii centrelor de cazare privind fenomenul violen\u021bei bazate pe gen, dar \u0219i activit\u0103\u021bi de <em>advocacy<\/em> institu\u021bional.<\/p>\n","protected":false},"excerpt":{"rendered":"<p>Societatea civil\u0103 invit\u0103 reprezentan\u021bii autorit\u0103\u021bilor publice implicate \u00een prevenirea \u0219i combaterea violen\u021bei de gen la dialog, \u00een cadrul unei mese rotunde organizate la Cluj-Napoca Reprezentan\u021bi ai autorit\u0103\u021bilor locale din Cluj, organiza\u021bii pentru drepturile femeilor \u0219i ale refugia\u021bilor \u0219i migran\u021bilor, experte \u0219i exper\u021bi \u00een domeniul violen\u021bei de gen se reunesc la masa rotund\u0103 pe tema \u201ePrevenirea&hellip; <a class=\"more-link\" href=\"https:\/\/fundatiasensiblu.ro\/?p=2460\">Continu\u0103 lectura <span class=\"screen-reader-text\">Violen\u021ba de gen \u00een r\u00e2ndul persoanele refugiate &#8211; subiectul principal pe agenda discu\u021biilor cu autorit\u0103\u021bile publice de la Cluj-Napoca<\/span><\/a><\/p>\n","protected":false},"author":2,"featured_media":0,"comment_status":"closed","ping_status":"open","sticky":true,"template":"","format":"standard","meta":{"footnotes":""},"categories":[5],"tags":[37,15,13,36,16],"class_list":["post-2460","post","type-post","status-publish","format-standard","hentry","category-noutati","tag-16-zile-de-activism","tag-gbv","tag-unhcr","tag-unite","tag-violenta-bazata-pe-gen","entry"],"_links":{"self":[{"href":"https:\/\/fundatiasensiblu.ro\/index.php?rest_route=\/wp\/v2\/posts\/2460","targetHints":{"allow":["GET"]}}],"collection":[{"href":"https:\/\/fundatiasensiblu.ro\/index.php?rest_route=\/wp\/v2\/posts"}],"about":[{"href":"https:\/\/fundatiasensiblu.ro\/index.php?rest_route=\/wp\/v2\/types\/post"}],"author":[{"embeddable":true,"href":"https:\/\/fundatiasensiblu.ro\/index.php?rest_route=\/wp\/v2\/users\/2"}],"replies":[{"embeddable":true,"href":"https:\/\/fundatiasensiblu.ro\/index.php?rest_route=%2Fwp%2Fv2%2Fcomments&post=2460"}],"version-history":[{"count":2,"href":"https:\/\/fundatiasensiblu.ro\/index.php?rest_route=\/wp\/v2\/posts\/2460\/revisions"}],"predecessor-version":[{"id":2463,"href":"https:\/\/fundatiasensiblu.ro\/index.php?rest_route=\/wp\/v2\/posts\/2460\/revisions\/2463"}],"wp:attachment":[{"href":"https:\/\/fundatiasensiblu.ro\/index.php?rest_route=%2Fwp%2Fv2%2Fmedia&parent=2460"}],"wp:term":[{"taxonomy":"category","embeddable":true,"href":"https:\/\/fundatiasensiblu.ro\/index.php?rest_route=%2Fwp%2Fv2%2Fcategories&post=2460"},{"taxonomy":"post_tag","embeddable":true,"href":"https:\/\/fundatiasensiblu.ro\/index.php?rest_route=%2Fwp%2Fv2%2Ftags&post=2460"}],"curies":[{"name":"wp","href":"https:\/\/api.w.org\/{rel}","templated":true}]}}